{"id":902,"date":"2014-10-23T15:34:25","date_gmt":"2014-10-23T14:34:25","guid":{"rendered":"http:\/\/www.minutosdeleitura.pt\/blog\/?p=902"},"modified":"2018-10-24T11:48:10","modified_gmt":"2018-10-24T10:48:10","slug":"livros-para-este-natal","status":"publish","type":"post","link":"https:\/\/www.minutosdeleitura.pt\/blog\/2014\/10\/livros-para-este-natal\/","title":{"rendered":"Livros para este Natal"},"content":{"rendered":"<p><a href=\"http:\/\/www.minutosdeleitura.pt\"><img loading=\"lazy\" decoding=\"async\" class=\"aligncenter size-full wp-image-964\" src=\"http:\/\/www.minutosdeleitura.pt\/blog\/wp-content\/uploads\/2014\/10\/prateleira-copy1.jpg\" alt=\"livros-para-este-natal\" width=\"500\" height=\"227\" srcset=\"https:\/\/www.minutosdeleitura.pt\/blog\/wp-content\/uploads\/2014\/10\/prateleira-copy1.jpg 500w, https:\/\/www.minutosdeleitura.pt\/blog\/wp-content\/uploads\/2014\/10\/prateleira-copy1-300x136.jpg 300w\" sizes=\"(max-width: 500px) 100vw, 500px\" \/><\/a><\/p>\n<p>\u00ab<a href=\"http:\/\/www.minutosdeleitura.pt\/livros\/793173\/quem-quer-ser-amigo-do-martim\/\">Quem quer ser amigo do Martim?<\/a>\u00bb \u2014\u00a0Todos parecem ter um melhor amigo, menos o Martim. Claro que tamb\u00e9m gostava de ter um&#8230; Mas ser\u00e1 que o que procura n\u00e3o estar\u00e1 bem debaixo do seu nariz?<\/p>\n<p>\u00ab<a href=\"http:\/\/www.minutosdeleitura.pt\/livros\/793174\/o-livro-de-atividades-do-martim\/\">O Livro de Atividades do Martim<\/a>\u00bb \u2014\u00a0O Martim quer partilhar contigo as suas atividades preferidas! Poder\u00e1s desenhar, colorir, jogar, e fazer Puzzles. Com os mais de 100 autocolantes, este livro de atividades est\u00e1 a abarrotar de coisas divertidas para fazer.<\/p>\n<p>\u00ab<a href=\"http:\/\/www.minutosdeleitura.pt\/livros\/793171\/os-piratas-nao-tem-medo-do-escuro\/\">Os Piratas n\u00e3o t\u00eam medo do Escuro!<\/a>\u00bb \u2014\u00a0O Afonso vai dormir na espantosa tenda pirata que montou no jardim. \u201cAqui n\u00e3o s\u00e3o permitidas fadas!\u201d diz ele \u00e0 Margarida, a sua irm\u00e3 mais nova e que tamb\u00e9m l\u00e1 queria passar a noite. \u201cAs fadas t\u00eam medo do escuro!\u201d&#8230;<\/p>\n<p>\u00ab<a href=\"http:\/\/www.minutosdeleitura.pt\/livros\/793170\/o-jardim-magico-na-neve\/\">O Jardim M\u00e1gico na Neve<\/a>\u00bb \u2014\u00a0L\u00e1 longe, onde os flocos de neve brilham como estrelas, o pequeno Serafim sonha em plantar um jardim.\u00a0\u201cImposs\u00edvel!\u201d dizem logo os amigos. \u201cTu n\u00e3o consegues plantar um jardim no meio da neve\u201d&#8230;<\/p>\n<p>\u00ab<a href=\"http:\/\/www.minutosdeleitura.pt\/livros\/793169\/quando-a-avo-salvou-o-natal\/\">Quando a Av\u00f3 salvou o Natal<\/a>\u00bb \u2014\u00a0O Bolinha e o Pipoca est\u00e3o muito excitados por irem passar o Natal a casa da Av\u00f3. Mas \u00e9 ent\u00e3o que se apercebem de um problema: se o Pai Natal n\u00e3o souber onde eles est\u00e3o, como \u00e9 que ir\u00e3o os dois ratinhos receber presentes?<\/p>\n","protected":false},"excerpt":{"rendered":"<p>\u00abQuem quer ser amigo do Martim?\u00bb \u2014\u00a0Todos parecem ter um melhor amigo, menos o Martim. Claro que tamb\u00e9m gostava de ter um&#8230; Mas ser\u00e1 que o que procura n\u00e3o estar\u00e1 bem debaixo do seu nariz? \u00abO Livro de Atividades do Martim\u00bb \u2014\u00a0O Martim quer partilhar contigo as suas atividades preferidas! Poder\u00e1s desenhar, colorir, jogar, e [&hellip;]<\/p>\n","protected":false},"author":1,"featured_media":0,"comment_status":"open","ping_status":"closed","sticky":false,"template":"","format":"standard","meta":{"_genesis_hide_title":false,"_genesis_hide_breadcrumbs":false,"_genesis_hide_singular_image":false,"_genesis_hide_footer_widgets":false,"_genesis_custom_body_class":"","_genesis_custom_post_class":"","_genesis_layout":"","footnotes":""},"categories":[3],"tags":[133],"_links":{"self":[{"href":"https:\/\/www.minutosdeleitura.pt\/blog\/wp-json\/wp\/v2\/posts\/902"}],"collection":[{"href":"https:\/\/www.minutosdeleitura.pt\/blog\/wp-json\/wp\/v2\/posts"}],"about":[{"href":"https:\/\/www.minutosdeleitura.pt\/blog\/wp-json\/wp\/v2\/types\/post"}],"author":[{"embeddable":true,"href":"https:\/\/www.minutosdeleitura.pt\/blog\/wp-json\/wp\/v2\/users\/1"}],"replies":[{"embeddable":true,"href":"https:\/\/www.minutosdeleitura.pt\/blog\/wp-json\/wp\/v2\/comments?post=902"}],"version-history":[{"count":8,"href":"https:\/\/www.minutosdeleitura.pt\/blog\/wp-json\/wp\/v2\/posts\/902\/revisions"}],"predecessor-version":[{"id":1208,"href":"https:\/\/www.minutosdeleitura.pt\/blog\/wp-json\/wp\/v2\/posts\/902\/revisions\/1208"}],"wp:attachment":[{"href":"https:\/\/www.minutosdeleitura.pt\/blog\/wp-json\/wp\/v2\/media?parent=902"}],"wp:term":[{"taxonomy":"category","embeddable":true,"href":"https:\/\/www.minutosdeleitura.pt\/blog\/wp-json\/wp\/v2\/categories?post=902"},{"taxonomy":"post_tag","embeddable":true,"href":"https:\/\/www.minutosdeleitura.pt\/blog\/wp-json\/wp\/v2\/tags?post=902"}],"curies":[{"name":"wp","href":"https:\/\/api.w.org\/{rel}","templated":true}]}}