{"id":291,"date":"2012-11-30T11:18:08","date_gmt":"2012-11-30T11:18:08","guid":{"rendered":"http:\/\/www.minutosdeleitura.pt\/blog\/?p=291"},"modified":"2018-10-24T13:31:24","modified_gmt":"2018-10-24T12:31:24","slug":"horas-do-conto-em-dezembro-2012","status":"publish","type":"post","link":"https:\/\/www.minutosdeleitura.pt\/blog\/2012\/11\/horas-do-conto-em-dezembro-2012\/","title":{"rendered":"Horas do Conto em Dezembro"},"content":{"rendered":"<p>A nossa agenda de Horas do Conto para Dezembro:<\/p>\n<ul>\n<li><strong>1 Dez<\/strong>, S\u00e1bado, \u00e0s 17:00, na <strong>Bertrand do ODIVELAS Parque<\/strong>, com In\u00eas Blanc. (\u201c<a href=\"https:\/\/www.minutosdeleitura.pt\/livros\/793112\/a-pequena-coruja-branca\/\">A Pequena Coruja Branca<\/a>\u201d, \u201c<a href=\"https:\/\/www.minutosdeleitura.pt\/livros\/793146\/quem-sera-o-meu-jantar\/\">Quem ser\u00e1 o meu jantar?<\/a>&#8221; e &#8220;<a href=\"https:\/\/www.minutosdeleitura.pt\/livros\/793131\/o-snorkly-assustador\/\">O Snorkly Assustador<\/a>\u201d)<\/li>\n<li><strong>2 Dez<\/strong>, Domingo, 15:00-18:00, na <strong>Bertrand Forum COIMBRA<\/strong>. (\u201c<a href=\"https:\/\/www.minutosdeleitura.pt\/livros\/793145\/o-primeiro-natal-da-pipas\/\">O Primeiro Natal da Pipas<\/a>&#8221; &#8211; Hora do Conto + Atelier de Trabalhos Manuais)<\/li>\n<li><strong>8 Dez<\/strong>, S\u00e1bado, 17:00, na <strong>Letraria, no Dolce Vita MIRAFLORES<\/strong>, com In\u00eas Blanc. (\u201cA Pequena Coruja Branca\u201d, \u201cQuem ser\u00e1 o meu Jantar?\u201d e \u201c<a href=\"https:\/\/www.minutosdeleitura.pt\/livros\/793118\/cuidado-com-o-cao\/\">Cuidado com o c\u00e3o!<\/a>\u201d)<\/li>\n<li><strong>16 Dez<\/strong>, Domingo, 15:00-18:00, na <strong>Bertrand Forum COIMBRA<\/strong>. (\u201c<a href=\"https:\/\/www.minutosdeleitura.pt\/livros\/793134\/o-natal-do-texugo-rabugento\/\">O Natal do Texugo Rabugento<\/a>&#8221; &#8211; Hora do Conto + Atelier de Trabalhos Manuais)<\/li>\n<\/ul>\n<p>Gostar\u00edamos de contar com a sua presen\u00e7a!<\/p>\n","protected":false},"excerpt":{"rendered":"<p>A nossa agenda de Horas do Conto para Dezembro: 1 Dez, S\u00e1bado, \u00e0s 17:00, na Bertrand do ODIVELAS Parque, com In\u00eas Blanc. (\u201cA Pequena Coruja Branca\u201d, \u201cQuem ser\u00e1 o meu jantar?&#8221; e &#8220;O Snorkly Assustador\u201d) 2 Dez, Domingo, 15:00-18:00, na Bertrand Forum COIMBRA. (\u201cO Primeiro Natal da Pipas&#8221; &#8211; Hora do Conto + Atelier de [&hellip;]<\/p>\n","protected":false},"author":1,"featured_media":0,"comment_status":"open","ping_status":"open","sticky":false,"template":"","format":"standard","meta":{"_genesis_hide_title":false,"_genesis_hide_breadcrumbs":false,"_genesis_hide_singular_image":false,"_genesis_hide_footer_widgets":false,"_genesis_custom_body_class":"","_genesis_custom_post_class":"","_genesis_layout":"","footnotes":""},"categories":[147],"tags":[128],"_links":{"self":[{"href":"https:\/\/www.minutosdeleitura.pt\/blog\/wp-json\/wp\/v2\/posts\/291"}],"collection":[{"href":"https:\/\/www.minutosdeleitura.pt\/blog\/wp-json\/wp\/v2\/posts"}],"about":[{"href":"https:\/\/www.minutosdeleitura.pt\/blog\/wp-json\/wp\/v2\/types\/post"}],"author":[{"embeddable":true,"href":"https:\/\/www.minutosdeleitura.pt\/blog\/wp-json\/wp\/v2\/users\/1"}],"replies":[{"embeddable":true,"href":"https:\/\/www.minutosdeleitura.pt\/blog\/wp-json\/wp\/v2\/comments?post=291"}],"version-history":[{"count":2,"href":"https:\/\/www.minutosdeleitura.pt\/blog\/wp-json\/wp\/v2\/posts\/291\/revisions"}],"predecessor-version":[{"id":1217,"href":"https:\/\/www.minutosdeleitura.pt\/blog\/wp-json\/wp\/v2\/posts\/291\/revisions\/1217"}],"wp:attachment":[{"href":"https:\/\/www.minutosdeleitura.pt\/blog\/wp-json\/wp\/v2\/media?parent=291"}],"wp:term":[{"taxonomy":"category","embeddable":true,"href":"https:\/\/www.minutosdeleitura.pt\/blog\/wp-json\/wp\/v2\/categories?post=291"},{"taxonomy":"post_tag","embeddable":true,"href":"https:\/\/www.minutosdeleitura.pt\/blog\/wp-json\/wp\/v2\/tags?post=291"}],"curies":[{"name":"wp","href":"https:\/\/api.w.org\/{rel}","templated":true}]}}