{"id":265,"date":"2013-07-22T15:12:00","date_gmt":"2013-07-22T15:12:00","guid":{"rendered":"http:\/\/www.minutosdeleitura.pt\/blog\/?p=265"},"modified":"2013-09-29T00:38:26","modified_gmt":"2013-09-28T23:38:26","slug":"vencedores-do-passatempo-quem-e-que-ves-na-selva","status":"publish","type":"post","link":"https:\/\/www.minutosdeleitura.pt\/blog\/2013\/07\/vencedores-do-passatempo-quem-e-que-ves-na-selva\/","title":{"rendered":"Vencedores do passatempo &#8220;Quem \u00e9 que v\u00eas na Selva?&#8221;"},"content":{"rendered":"<p>E os vencedores do passatempo \u201cQuem \u00e9 que v\u00eas na Selva?\u201d foram:<\/p>\n<ul>\n<li>Ana Trabazos, de S\u00e3o Domingos de Rana<\/li>\n<li>Miguel Antunes, de Lisboa<\/li>\n<li>Marisa Vinagre, de Quinta do Anjo<\/li>\n<li>Ana Oliveira, de Oeiras<\/li>\n<li>Rita Balixa, de Corroios<\/li>\n<li>Ana Mourato, de Aveiro<\/li>\n<\/ul>\n<p>Parab\u00e9ns! Para quem n\u00e3o ganhou: vai de ser de certeza para a pr\u00f3xima vez!<\/p>\n","protected":false},"excerpt":{"rendered":"<p>E os vencedores do passatempo \u201cQuem \u00e9 que v\u00eas na Selva?\u201d foram: Ana Trabazos, de S\u00e3o Domingos de Rana Miguel Antunes, de Lisboa Marisa Vinagre, de Quinta do Anjo Ana Oliveira, de Oeiras Rita Balixa, de Corroios Ana Mourato, de Aveiro Parab\u00e9ns! Para quem n\u00e3o ganhou: vai de ser de certeza para a pr\u00f3xima vez!<\/p>\n","protected":false},"author":1,"featured_media":0,"comment_status":"open","ping_status":"open","sticky":false,"template":"","format":"standard","meta":{"_genesis_hide_title":false,"_genesis_hide_breadcrumbs":false,"_genesis_hide_singular_image":false,"_genesis_hide_footer_widgets":false,"_genesis_custom_body_class":"","_genesis_custom_post_class":"","_genesis_layout":"","footnotes":""},"categories":[144],"tags":[122,123],"_links":{"self":[{"href":"https:\/\/www.minutosdeleitura.pt\/blog\/wp-json\/wp\/v2\/posts\/265"}],"collection":[{"href":"https:\/\/www.minutosdeleitura.pt\/blog\/wp-json\/wp\/v2\/posts"}],"about":[{"href":"https:\/\/www.minutosdeleitura.pt\/blog\/wp-json\/wp\/v2\/types\/post"}],"author":[{"embeddable":true,"href":"https:\/\/www.minutosdeleitura.pt\/blog\/wp-json\/wp\/v2\/users\/1"}],"replies":[{"embeddable":true,"href":"https:\/\/www.minutosdeleitura.pt\/blog\/wp-json\/wp\/v2\/comments?post=265"}],"version-history":[{"count":2,"href":"https:\/\/www.minutosdeleitura.pt\/blog\/wp-json\/wp\/v2\/posts\/265\/revisions"}],"predecessor-version":[{"id":506,"href":"https:\/\/www.minutosdeleitura.pt\/blog\/wp-json\/wp\/v2\/posts\/265\/revisions\/506"}],"wp:attachment":[{"href":"https:\/\/www.minutosdeleitura.pt\/blog\/wp-json\/wp\/v2\/media?parent=265"}],"wp:term":[{"taxonomy":"category","embeddable":true,"href":"https:\/\/www.minutosdeleitura.pt\/blog\/wp-json\/wp\/v2\/categories?post=265"},{"taxonomy":"post_tag","embeddable":true,"href":"https:\/\/www.minutosdeleitura.pt\/blog\/wp-json\/wp\/v2\/tags?post=265"}],"curies":[{"name":"wp","href":"https:\/\/api.w.org\/{rel}","templated":true}]}}