{"id":130,"date":"2008-03-18T03:26:53","date_gmt":"2008-03-18T03:26:53","guid":{"rendered":"http:\/\/www.minutosdeleitura.pt\/blog-antigo-antigo\/files\/postal-dia-do-pai.php#unique-entry-id-161"},"modified":"2018-10-24T15:33:07","modified_gmt":"2018-10-24T14:33:07","slug":"postal-para-o-dia-do-pai-2","status":"publish","type":"post","link":"https:\/\/www.minutosdeleitura.pt\/blog\/2008\/03\/postal-para-o-dia-do-pai-2\/","title":{"rendered":"Postal para o Dia do Pai"},"content":{"rendered":"<p><a href=\"https:\/\/www.minutosdeleitura.pt\/imagens\/PostalDiaDoPai_grande.jpg\"><img loading=\"lazy\" decoding=\"async\" style=\"display: block; margin-left: auto; margin-right: auto;\" title=\"PostalDiaDoPai_medio.jpg\" src=\"https:\/\/www.minutosdeleitura.pt\/blog\/wp-content\/uploads\/2018\/10\/PostalDiaDoPai_medio.jpg\" alt=\"PostalDiaDoPai medio\" width=\"299\" height=\"209\" border=\"0\" \/><\/a><br \/>Para celebrar o Dia do Pai, lembr\u00e1mo-nos de fazer este postal (com ilustra\u00e7\u00e3o do livro &#8220;<a href=\"\/livros\/793117\/eu-e-o-meu-papa\/\" rel=\"self\">Eu e o meu Pap\u00e1!<\/a>). Esperamos que gostem!<\/p>\n<p><\/p>\n","protected":false},"excerpt":{"rendered":"<p>Para celebrar o Dia do Pai, lembr\u00e1mo-nos de fazer este postal (com ilustra\u00e7\u00e3o do livro &#8220;Eu e o meu Pap\u00e1!). Esperamos que gostem!<\/p>\n","protected":false},"author":1,"featured_media":0,"comment_status":"open","ping_status":"open","sticky":false,"template":"","format":"standard","meta":{"_genesis_hide_title":false,"_genesis_hide_breadcrumbs":false,"_genesis_hide_singular_image":false,"_genesis_hide_footer_widgets":false,"_genesis_custom_body_class":"","_genesis_custom_post_class":"","_genesis_layout":"","footnotes":""},"categories":[2],"tags":[],"_links":{"self":[{"href":"https:\/\/www.minutosdeleitura.pt\/blog\/wp-json\/wp\/v2\/posts\/130"}],"collection":[{"href":"https:\/\/www.minutosdeleitura.pt\/blog\/wp-json\/wp\/v2\/posts"}],"about":[{"href":"https:\/\/www.minutosdeleitura.pt\/blog\/wp-json\/wp\/v2\/types\/post"}],"author":[{"embeddable":true,"href":"https:\/\/www.minutosdeleitura.pt\/blog\/wp-json\/wp\/v2\/users\/1"}],"replies":[{"embeddable":true,"href":"https:\/\/www.minutosdeleitura.pt\/blog\/wp-json\/wp\/v2\/comments?post=130"}],"version-history":[{"count":1,"href":"https:\/\/www.minutosdeleitura.pt\/blog\/wp-json\/wp\/v2\/posts\/130\/revisions"}],"predecessor-version":[{"id":1266,"href":"https:\/\/www.minutosdeleitura.pt\/blog\/wp-json\/wp\/v2\/posts\/130\/revisions\/1266"}],"wp:attachment":[{"href":"https:\/\/www.minutosdeleitura.pt\/blog\/wp-json\/wp\/v2\/media?parent=130"}],"wp:term":[{"taxonomy":"category","embeddable":true,"href":"https:\/\/www.minutosdeleitura.pt\/blog\/wp-json\/wp\/v2\/categories?post=130"},{"taxonomy":"post_tag","embeddable":true,"href":"https:\/\/www.minutosdeleitura.pt\/blog\/wp-json\/wp\/v2\/tags?post=130"}],"curies":[{"name":"wp","href":"https:\/\/api.w.org\/{rel}","templated":true}]}}