{"id":1177,"date":"2017-02-18T12:48:34","date_gmt":"2017-02-18T12:48:34","guid":{"rendered":"http:\/\/www.minutosdeleitura.pt\/blog\/?p=1177"},"modified":"2017-07-24T13:01:35","modified_gmt":"2017-07-24T12:01:35","slug":"hora-do-conto-7","status":"publish","type":"post","link":"https:\/\/www.minutosdeleitura.pt\/blog\/2017\/02\/hora-do-conto-7\/","title":{"rendered":"Hora do Conto"},"content":{"rendered":"<p>Amanh\u00e3 (Domingo, 18 Fevereiro, \u00e0s 11:00) h\u00e1 Hora do Conto na Fnac do Oeiras Parque, com In\u00eas Blanc e o livro &#8220;O meu Grande Cami\u00e3o!&#8221;<\/p>\n<p>&nbsp;<\/p>\n<p><img loading=\"lazy\" decoding=\"async\" class=\"aligncenter size-medium wp-image-1178\" src=\"http:\/\/www.minutosdeleitura.pt\/blog\/wp-content\/uploads\/2017\/07\/16804093_1604408192909741_8635168389539613807_o-169x300.jpg\" alt=\"\" width=\"169\" height=\"300\" srcset=\"https:\/\/www.minutosdeleitura.pt\/blog\/wp-content\/uploads\/2017\/07\/16804093_1604408192909741_8635168389539613807_o-169x300.jpg 169w, https:\/\/www.minutosdeleitura.pt\/blog\/wp-content\/uploads\/2017\/07\/16804093_1604408192909741_8635168389539613807_o.jpg 480w\" sizes=\"(max-width: 169px) 100vw, 169px\" \/><\/p>\n","protected":false},"excerpt":{"rendered":"<p>Amanh\u00e3 (Domingo, 18 Fevereiro, \u00e0s 11:00) h\u00e1 Hora do Conto na Fnac do Oeiras Parque, com In\u00eas Blanc e o livro &#8220;O meu Grande Cami\u00e3o!&#8221; &nbsp;<\/p>\n","protected":false},"author":1,"featured_media":0,"comment_status":"open","ping_status":"closed","sticky":false,"template":"","format":"standard","meta":{"_genesis_hide_title":false,"_genesis_hide_breadcrumbs":false,"_genesis_hide_singular_image":false,"_genesis_hide_footer_widgets":false,"_genesis_custom_body_class":"","_genesis_custom_post_class":"","_genesis_layout":"","footnotes":""},"categories":[160],"tags":[],"_links":{"self":[{"href":"https:\/\/www.minutosdeleitura.pt\/blog\/wp-json\/wp\/v2\/posts\/1177"}],"collection":[{"href":"https:\/\/www.minutosdeleitura.pt\/blog\/wp-json\/wp\/v2\/posts"}],"about":[{"href":"https:\/\/www.minutosdeleitura.pt\/blog\/wp-json\/wp\/v2\/types\/post"}],"author":[{"embeddable":true,"href":"https:\/\/www.minutosdeleitura.pt\/blog\/wp-json\/wp\/v2\/users\/1"}],"replies":[{"embeddable":true,"href":"https:\/\/www.minutosdeleitura.pt\/blog\/wp-json\/wp\/v2\/comments?post=1177"}],"version-history":[{"count":1,"href":"https:\/\/www.minutosdeleitura.pt\/blog\/wp-json\/wp\/v2\/posts\/1177\/revisions"}],"predecessor-version":[{"id":1179,"href":"https:\/\/www.minutosdeleitura.pt\/blog\/wp-json\/wp\/v2\/posts\/1177\/revisions\/1179"}],"wp:attachment":[{"href":"https:\/\/www.minutosdeleitura.pt\/blog\/wp-json\/wp\/v2\/media?parent=1177"}],"wp:term":[{"taxonomy":"category","embeddable":true,"href":"https:\/\/www.minutosdeleitura.pt\/blog\/wp-json\/wp\/v2\/categories?post=1177"},{"taxonomy":"post_tag","embeddable":true,"href":"https:\/\/www.minutosdeleitura.pt\/blog\/wp-json\/wp\/v2\/tags?post=1177"}],"curies":[{"name":"wp","href":"https:\/\/api.w.org\/{rel}","templated":true}]}}