{"id":1113,"date":"2017-05-05T12:08:16","date_gmt":"2017-05-05T11:08:16","guid":{"rendered":"http:\/\/www.minutosdeleitura.pt\/blog\/?p=1113"},"modified":"2017-07-24T12:09:12","modified_gmt":"2017-07-24T11:09:12","slug":"hora-do-conto-4","status":"publish","type":"post","link":"https:\/\/www.minutosdeleitura.pt\/blog\/2017\/05\/hora-do-conto-4\/","title":{"rendered":"Hora do Conto"},"content":{"rendered":"<p>No Dia da M\u00e3e, &#8220;Os Pequenos Girass\u00f3is da Mam\u00e3&#8221;, v\u00e3o estar na Fnac do Oeiras Parque \u00e0s 11H00 com a In\u00eas Blanc.<\/p>\n<p>Um excelente plano para a manh\u00e3 do Dia da M\u00e3e, em fam\u00edlia!<\/p>\n<p>&nbsp;<\/p>\n<p><img loading=\"lazy\" decoding=\"async\" class=\"aligncenter size-medium wp-image-1114\" src=\"http:\/\/www.minutosdeleitura.pt\/blog\/wp-content\/uploads\/2017\/07\/18274695_1692236734126886_1008580846066339325_n-300x169.jpg\" alt=\"\" width=\"300\" height=\"169\" srcset=\"https:\/\/www.minutosdeleitura.pt\/blog\/wp-content\/uploads\/2017\/07\/18274695_1692236734126886_1008580846066339325_n-300x169.jpg 300w, https:\/\/www.minutosdeleitura.pt\/blog\/wp-content\/uploads\/2017\/07\/18274695_1692236734126886_1008580846066339325_n-768x432.jpg 768w, https:\/\/www.minutosdeleitura.pt\/blog\/wp-content\/uploads\/2017\/07\/18274695_1692236734126886_1008580846066339325_n.jpg 960w\" sizes=\"(max-width: 300px) 100vw, 300px\" \/><\/p>\n","protected":false},"excerpt":{"rendered":"<p>No Dia da M\u00e3e, &#8220;Os Pequenos Girass\u00f3is da Mam\u00e3&#8221;, v\u00e3o estar na Fnac do Oeiras Parque \u00e0s 11H00 com a In\u00eas Blanc. Um excelente plano para a manh\u00e3 do Dia da M\u00e3e, em fam\u00edlia! &nbsp;<\/p>\n","protected":false},"author":1,"featured_media":0,"comment_status":"open","ping_status":"closed","sticky":false,"template":"","format":"standard","meta":{"_genesis_hide_title":false,"_genesis_hide_breadcrumbs":false,"_genesis_hide_singular_image":false,"_genesis_hide_footer_widgets":false,"_genesis_custom_body_class":"","_genesis_custom_post_class":"","_genesis_layout":"","footnotes":""},"categories":[160],"tags":[],"_links":{"self":[{"href":"https:\/\/www.minutosdeleitura.pt\/blog\/wp-json\/wp\/v2\/posts\/1113"}],"collection":[{"href":"https:\/\/www.minutosdeleitura.pt\/blog\/wp-json\/wp\/v2\/posts"}],"about":[{"href":"https:\/\/www.minutosdeleitura.pt\/blog\/wp-json\/wp\/v2\/types\/post"}],"author":[{"embeddable":true,"href":"https:\/\/www.minutosdeleitura.pt\/blog\/wp-json\/wp\/v2\/users\/1"}],"replies":[{"embeddable":true,"href":"https:\/\/www.minutosdeleitura.pt\/blog\/wp-json\/wp\/v2\/comments?post=1113"}],"version-history":[{"count":1,"href":"https:\/\/www.minutosdeleitura.pt\/blog\/wp-json\/wp\/v2\/posts\/1113\/revisions"}],"predecessor-version":[{"id":1115,"href":"https:\/\/www.minutosdeleitura.pt\/blog\/wp-json\/wp\/v2\/posts\/1113\/revisions\/1115"}],"wp:attachment":[{"href":"https:\/\/www.minutosdeleitura.pt\/blog\/wp-json\/wp\/v2\/media?parent=1113"}],"wp:term":[{"taxonomy":"category","embeddable":true,"href":"https:\/\/www.minutosdeleitura.pt\/blog\/wp-json\/wp\/v2\/categories?post=1113"},{"taxonomy":"post_tag","embeddable":true,"href":"https:\/\/www.minutosdeleitura.pt\/blog\/wp-json\/wp\/v2\/tags?post=1113"}],"curies":[{"name":"wp","href":"https:\/\/api.w.org\/{rel}","templated":true}]}}